{"id":2593,"date":"2021-04-08T07:37:00","date_gmt":"2021-04-08T06:37:00","guid":{"rendered":"https:\/\/bientraitance.lu\/?p=2593"},"modified":"2021-04-08T07:45:29","modified_gmt":"2021-04-08T06:45:29","slug":"je-ne-vous-entends-pas","status":"publish","type":"post","link":"https:\/\/bientraitance.lu\/de\/je-ne-vous-entends-pas\/","title":{"rendered":"Je ne vous entends pas&#8230;"},"content":{"rendered":"<div data-elementor-type=\"wp-post\" data-elementor-id=\"2593\" class=\"elementor elementor-2593\" data-elementor-post-type=\"post\">\n\t\t\t\t\t\t<section class=\"elementor-section elementor-top-section elementor-element elementor-element-262adc7 elementor-section-boxed elementor-section-height-default elementor-section-height-default\" data-id=\"262adc7\" data-element_type=\"section\" data-e-type=\"section\">\n\t\t\t\t\t\t<div class=\"elementor-container elementor-column-gap-default\">\n\t\t\t\t\t<div class=\"elementor-column elementor-col-100 elementor-top-column elementor-element elementor-element-0c5c48d\" data-id=\"0c5c48d\" data-element_type=\"column\" data-e-type=\"column\">\n\t\t\t<div class=\"elementor-widget-wrap elementor-element-populated\">\n\t\t\t\t\t\t<section class=\"elementor-section elementor-inner-section elementor-element elementor-element-ad118fe elementor-section-boxed elementor-section-height-default elementor-section-height-default\" data-id=\"ad118fe\" data-element_type=\"section\" data-e-type=\"section\">\n\t\t\t\t\t\t<div class=\"elementor-container elementor-column-gap-default\">\n\t\t\t\t\t<div class=\"elementor-column elementor-col-50 elementor-inner-column elementor-element elementor-element-f0844d4\" data-id=\"f0844d4\" data-element_type=\"column\" data-e-type=\"column\">\n\t\t\t<div class=\"elementor-widget-wrap elementor-element-populated\">\n\t\t\t\t\t\t<div class=\"elementor-element elementor-element-73ad25e elementor-widget elementor-widget-image\" data-id=\"73ad25e\" data-element_type=\"widget\" data-e-type=\"widget\" data-widget_type=\"image.default\">\n\t\t\t\t<div class=\"elementor-widget-container\">\n\t\t\t\t\t\t\t\t\t\t\t\t\t\t\t<img fetchpriority=\"high\" decoding=\"async\" width=\"749\" height=\"773\" src=\"https:\/\/bientraitance.lu\/wp-content\/uploads\/2021\/04\/Prothese-auditive-et-masque.png\" class=\"attachment-large size-large wp-image-2596\" alt=\"\" srcset=\"https:\/\/bientraitance.lu\/wp-content\/uploads\/2021\/04\/Prothese-auditive-et-masque.png 749w, https:\/\/bientraitance.lu\/wp-content\/uploads\/2021\/04\/Prothese-auditive-et-masque-291x300.png 291w, https:\/\/bientraitance.lu\/wp-content\/uploads\/2021\/04\/Prothese-auditive-et-masque-141x146.png 141w, https:\/\/bientraitance.lu\/wp-content\/uploads\/2021\/04\/Prothese-auditive-et-masque-48x50.png 48w, https:\/\/bientraitance.lu\/wp-content\/uploads\/2021\/04\/Prothese-auditive-et-masque-73x75.png 73w\" sizes=\"(max-width: 749px) 100vw, 749px\" \/>\t\t\t\t\t\t\t\t\t\t\t\t\t\t\t<\/div>\n\t\t\t\t<\/div>\n\t\t\t\t\t<\/div>\n\t\t<\/div>\n\t\t\t\t<div class=\"elementor-column elementor-col-50 elementor-inner-column elementor-element elementor-element-8112bfa\" data-id=\"8112bfa\" data-element_type=\"column\" data-e-type=\"column\">\n\t\t\t<div class=\"elementor-widget-wrap elementor-element-populated\">\n\t\t\t\t\t\t<div class=\"elementor-element elementor-element-7625977 elementor-widget elementor-widget-text-editor\" data-id=\"7625977\" data-element_type=\"widget\" data-e-type=\"widget\" data-widget_type=\"text-editor.default\">\n\t\t\t\t<div class=\"elementor-widget-container\">\n\t\t\t\t\t\t\t\t\t<p>En tant que malentendant portant ou pas des aides auditives, il est parfois difficile de comprendre ce que dit notre interlocuteur quand il porte un masque. Beaucoup sont concern\u00e9s par ce handicap et le malaise ressenti quand on ne parvient pas \u00e0 comprendre ce qu\u2019on nous dit est parfois tr\u00e8s intense.<\/p><p>Le logo en pi\u00e8ce jointe peut \u00eatre imprim\u00e9 sur des \u00e9tiquettes autocollantes et coll\u00e9 sur le masque pour indiquer \u00e0 la personne qui nous parle que nous souffrons de d\u00e9ficience auditive \/ de surdit\u00e9 et que le masque nous emp\u00eache de lire sur les l\u00e8vres.<\/p><p>\u00a0<\/p><p>Cela ne solutionne pas le probl\u00e8me mais cela a le m\u00e9rite d\u2019attirer l\u2019attention de l\u2019interlocuteur sur la difficult\u00e9 potentielle de la personne porteuse de handicap. Cela incite \u00e0 plus de Bientraitance.\u00a0<\/p><p>N\u2019h\u00e9sitez donc pas \u00e0 diffuser cette information si vous le jugez pertinent. \u00a0<\/p><p>\u00a0<\/p>\t\t\t\t\t\t\t\t<\/div>\n\t\t\t\t<\/div>\n\t\t\t\t\t<\/div>\n\t\t<\/div>\n\t\t\t\t\t<\/div>\n\t\t<\/section>\n\t\t\t\t\t<\/div>\n\t\t<\/div>\n\t\t\t\t\t<\/div>\n\t\t<\/section>\n\t\t\t\t<\/div>","protected":false},"excerpt":{"rendered":"<p>En tant que malentendant portant ou pas des aides auditives, il est parfois difficile de comprendre ce que dit notre interlocuteur quand il porte un masque.<span class=\"excerpt-hellip\"> [\u2026]<\/span><\/p>\n","protected":false},"author":9,"featured_media":0,"comment_status":"open","ping_status":"closed","sticky":false,"template":"elementor_header_footer","format":"standard","meta":{"_acf_changed":false,"footnotes":""},"categories":[1],"tags":[],"class_list":["post-2593","post","type-post","status-publish","format-standard","hentry","category-uncategorized"],"acf":[],"_links":{"self":[{"href":"https:\/\/bientraitance.lu\/de\/wp-json\/wp\/v2\/posts\/2593","targetHints":{"allow":["GET"]}}],"collection":[{"href":"https:\/\/bientraitance.lu\/de\/wp-json\/wp\/v2\/posts"}],"about":[{"href":"https:\/\/bientraitance.lu\/de\/wp-json\/wp\/v2\/types\/post"}],"author":[{"embeddable":true,"href":"https:\/\/bientraitance.lu\/de\/wp-json\/wp\/v2\/users\/9"}],"replies":[{"embeddable":true,"href":"https:\/\/bientraitance.lu\/de\/wp-json\/wp\/v2\/comments?post=2593"}],"version-history":[{"count":5,"href":"https:\/\/bientraitance.lu\/de\/wp-json\/wp\/v2\/posts\/2593\/revisions"}],"predecessor-version":[{"id":2599,"href":"https:\/\/bientraitance.lu\/de\/wp-json\/wp\/v2\/posts\/2593\/revisions\/2599"}],"wp:attachment":[{"href":"https:\/\/bientraitance.lu\/de\/wp-json\/wp\/v2\/media?parent=2593"}],"wp:term":[{"taxonomy":"category","embeddable":true,"href":"https:\/\/bientraitance.lu\/de\/wp-json\/wp\/v2\/categories?post=2593"},{"taxonomy":"post_tag","embeddable":true,"href":"https:\/\/bientraitance.lu\/de\/wp-json\/wp\/v2\/tags?post=2593"}],"curies":[{"name":"wp","href":"https:\/\/api.w.org\/{rel}","templated":true}]}}